{"id":2210,"date":"2023-11-07T16:16:36","date_gmt":"2023-11-07T15:16:36","guid":{"rendered":"https:\/\/www.digitaltransformation.rw.fau.eu\/?p=2210"},"modified":"2023-11-07T16:16:37","modified_gmt":"2023-11-07T15:16:37","slug":"talk-held-as-part-of-the-lecture-series-energy-from-the-perspective-of-economic-policy-at-the-university-of-cologne","status":"publish","type":"post","link":"https:\/\/www.digitaltransformation.rw.fau.eu\/de\/2023\/11\/07\/talk-held-as-part-of-the-lecture-series-energy-from-the-perspective-of-economic-policy-at-the-university-of-cologne\/","title":{"rendered":"Vortrag im Rahmen der Ringvorlesung \u201eEnergie aus wirtschaftspolitischer Perspektive\u201d an der Universit\u00e4t K\u00f6ln."},"content":{"rendered":"<p style=\"font-weight: 400\">Am 06.11.2023 hielt Prof. Dr. Verena Tiefenbeck an der Universit\u00e4t K\u00f6ln einen Vortrag zum Thema <strong>\u00a0\u201e<\/strong><a href=\"https:\/\/portal.uni-koeln.de\/universitaet\/aktuell\/veranstaltungen\/detail\/verhaltensoekonomische-anreize-zum-energiesparen\">Verhaltens\u00f6konomische Anreize zum Energiesparen<\/a>\u201c als Teil der Ringvorlesung \u201eEnergie aus wirtschaftspolitischer Perspektive\u201c. Vielen Dank an die Universit\u00e4t K\u00f6ln f\u00fcr diese Gelegenheit!<\/p>\n","protected":false},"excerpt":{"rendered":"<p>Am 06.11.2023 hielt Prof. Dr. Verena Tiefenbeck an der Universit\u00e4t K\u00f6ln einen Vortrag zum Thema \u00a0\u201eVerhaltens\u00f6konomische Anreize zum Energiesparen\u201c als Teil der Ringvorlesung \u201eEnergie aus wirtschaftspolitischer Perspektive\u201c. Vielen Dank an die Universit\u00e4t K\u00f6ln f\u00fcr diese Gelegenheit!<\/p>\n","protected":false},"author":4516,"featured_media":2207,"comment_status":"open","ping_status":"open","sticky":false,"template":"","format":"standard","meta":{"_rrze_cache":"enabled","_rrze_multilang_single_locale":"de_DE","_rrze_multilang_single_source":"https:\/\/www.digitaltransformation.rw.fau.eu\/?p=2206","footnotes":""},"categories":[16],"tags":[],"class_list":["post-2210","post","type-post","status-publish","format-standard","has-post-thumbnail","hentry","category-talks","de-DE"],"_links":{"self":[{"href":"https:\/\/www.digitaltransformation.rw.fau.eu\/wp-json\/wp\/v2\/posts\/2210","targetHints":{"allow":["GET"]}}],"collection":[{"href":"https:\/\/www.digitaltransformation.rw.fau.eu\/wp-json\/wp\/v2\/posts"}],"about":[{"href":"https:\/\/www.digitaltransformation.rw.fau.eu\/wp-json\/wp\/v2\/types\/post"}],"author":[{"embeddable":true,"href":"https:\/\/www.digitaltransformation.rw.fau.eu\/wp-json\/wp\/v2\/users\/4516"}],"replies":[{"embeddable":true,"href":"https:\/\/www.digitaltransformation.rw.fau.eu\/wp-json\/wp\/v2\/comments?post=2210"}],"version-history":[{"count":1,"href":"https:\/\/www.digitaltransformation.rw.fau.eu\/wp-json\/wp\/v2\/posts\/2210\/revisions"}],"predecessor-version":[{"id":2211,"href":"https:\/\/www.digitaltransformation.rw.fau.eu\/wp-json\/wp\/v2\/posts\/2210\/revisions\/2211"}],"wp:featuredmedia":[{"embeddable":true,"href":"https:\/\/www.digitaltransformation.rw.fau.eu\/wp-json\/wp\/v2\/media\/2207"}],"wp:attachment":[{"href":"https:\/\/www.digitaltransformation.rw.fau.eu\/wp-json\/wp\/v2\/media?parent=2210"}],"wp:term":[{"taxonomy":"category","embeddable":true,"href":"https:\/\/www.digitaltransformation.rw.fau.eu\/wp-json\/wp\/v2\/categories?post=2210"},{"taxonomy":"post_tag","embeddable":true,"href":"https:\/\/www.digitaltransformation.rw.fau.eu\/wp-json\/wp\/v2\/tags?post=2210"}],"curies":[{"name":"wp","href":"https:\/\/api.w.org\/{rel}","templated":true}]}}